{"id":1185,"date":"2022-03-29T20:59:55","date_gmt":"2022-03-29T17:59:55","guid":{"rendered":"https:\/\/lacrimioaramezei.ro\/?p=1185"},"modified":"2022-07-10T01:37:58","modified_gmt":"2022-07-09T22:37:58","slug":"traiesti-sau-existi","status":"publish","type":"post","link":"https:\/\/lacrimioaramezei.ro\/en\/traiesti-sau-existi\/","title":{"rendered":"Tr\u0103ie\u0219ti sau exi\u0219ti?"},"content":{"rendered":"<p>Sunt la peste 2500 m altitudine \u0219i m\u0103 g\u00e2ndesc la tine, cel ce urmeaz\u0103 s\u0103 \u00eemi cite\u0219ti g\u00e2ndurile. Nu \u00eemi propun s\u0103 \u00ee\u021bi fiu azi un ghid motiva\u021bional, nici s\u0103 \u00ee\u021bi tulbur (prea tare) lini\u0219tea. : ) Vreau doar s\u0103 te provoc s\u0103 cau\u021bi r\u0103spunsul \u00een lini\u0219tea \u0219i intimitatea g\u00e2ndurilor tale\u2026oare sim\u021bi c\u0103 tr\u0103ie\u0219ti cu adev\u0103rat?Care a fost momentul \u00een care ai sim\u021bit c\u0103 te conectezi cu propria persoan\u0103?Unde erai, cum ai reu\u0219it asta? Reu\u0219e\u0219ti s\u0103 \u00ee\u021bi urmezi visul?L-ai descoperit? <\/p>\n\n\n\n<!--more-->\n\n\n\n<p>Exist, deci e datoria mea\u2026s\u0103 \u0219i tr\u0103iesc. S\u0103 aduc via\u021b\u0103 zilelor mele. E datoria mea s\u0103 g\u0103sesc drumul cu sens unic pe care s\u0103 p\u0103\u0219esc cu \u00eencredere, f\u0103r\u0103 a privi ne\u00eencrez\u0103tor \u00eenapoi.<\/p>\n\n\n\n<p>\u0218i odat\u0103 ce vei porni pe acel drum, vei \u00een\u021belege c\u0103 doar tu \u0219tii cel mai bine cine e\u0219ti cu adev\u0103rat, chiar dac\u0103 fiecare om te percepe diferit. Vei fi aprobat \u0219i dezaprobat \u00een egal\u0103 m\u0103sur\u0103 pentru ceea ce e\u0219ti. Unii oameni te vor pune \u00een balan\u021ba propriilor prejudec\u0103\u021bi pentru ceea ce faci. Uneori pentru curajul de a-\u021bi urma visul. Alteori pentru curajul de a fi autentic.<\/p>\n\n\n\n<p>\u00cens\u0103 nu ai nevoie de aprobare pentru a-\u021bi continua c\u0103l\u0103toria. \u00cen jurul t\u0103u vor fi \u00eentotdeauna al\u021bi c\u0103l\u0103tori, o parte \u00ee\u021bi vor fi al\u0103turi, ve\u021bi parcurge distan\u021be semnificative \u00eempreun\u0103. Pe unii \u00eei vei pierde brusc. Vei p\u0103stra \u00eens\u0103 cu tine tot ceea ce prezen\u021ba lor a reprezentat pentru tine \u0219i c\u0103l\u0103toria ta. Vor fi momente c\u00e2nd te vei sim\u021bi tulburat. \u00cen plin\u0103 furtun\u0103&#8230;tu vei c\u0103uta \u00een\u021belesuri. S\u0103 nu la\u0219i s\u0103 te sperie asta, va fi un moment de cre\u0219tere, de evolu\u021bie. Din acel punct te vei cunoa\u0219te cu adev\u0103rat. Vei \u00eenv\u0103\u021ba c\u0103 adev\u0103rata putere se na\u0219te din interiorul t\u0103u, din ceea ce descoperi la tine, din ceea ce iube\u0219ti la fiin\u021ba ta. Abia apoi vei fi cu adev\u0103rat conectat la tine, la nevoile tale \u0219i la tot ceea ce instinctul \u00ee\u021bi arat\u0103 sub diverse forme, ghid\u00e2ndu-te spre ceea ce e important pentru tine \u0219i misiunea ta. Vei \u00eenv\u0103\u021ba s\u0103 pierzi, s\u0103 ier\u021bi, s\u0103 ui\u021bi, s\u0103 speri, s\u0103 crezi, iar mai apoi&#8230; s\u0103 te ridici mai puternic. <\/p>\n\n\n\n<p>Vei \u00eenv\u0103\u021ba s\u0103-\u021bi cuno\u0219ti limitele pentru c\u0103 doar TU po\u021bi for\u021ba dep\u0103\u0219irea acestora&#8230;.<\/p>\n\n\n\n<p>Tu\u2026ai preluat controlul asupra propriei vie\u021bi?\u00ce\u021bi aminte\u0219ti cine \u0219i cum erai \u00eenainte s\u0103 \u021bi se spun\u0103 cum &#8222;TREBUIE&#8221; s\u0103 fii?<\/p>","protected":false},"excerpt":{"rendered":"<p>Sunt la peste 2500 m altitudine \u0219i m\u0103 g\u00e2ndesc la tine, cel ce urmeaz\u0103 s\u0103 \u00eemi cite\u0219ti g\u00e2ndurile. Nu \u00eemi propun s\u0103 \u00ee\u021bi fiu azi un ghid motiva\u021bional, nici s\u0103 \u00ee\u021bi tulbur (prea tare) lini\u0219tea. : ) Vreau doar s\u0103 te provoc s\u0103 cau\u021bi r\u0103spunsul \u00een lini\u0219tea \u0219i intimitatea g\u00e2ndurilor tale\u2026oare sim\u021bi c\u0103 tr\u0103ie\u0219ti cu [&hellip;]<\/p>\n","protected":false},"author":2,"featured_media":1186,"comment_status":"closed","ping_status":"open","sticky":false,"template":"","format":"standard","meta":{"footnotes":""},"categories":[2],"tags":[27,22,25,29],"class_list":["post-1185","post","type-post","status-publish","format-standard","has-post-thumbnail","hentry","category-blog","tag-coaching","tag-curaj","tag-psiholog-oradea","tag-psihoterapie"],"_links":{"self":[{"href":"https:\/\/lacrimioaramezei.ro\/en\/wp-json\/wp\/v2\/posts\/1185","targetHints":{"allow":["GET"]}}],"collection":[{"href":"https:\/\/lacrimioaramezei.ro\/en\/wp-json\/wp\/v2\/posts"}],"about":[{"href":"https:\/\/lacrimioaramezei.ro\/en\/wp-json\/wp\/v2\/types\/post"}],"author":[{"embeddable":true,"href":"https:\/\/lacrimioaramezei.ro\/en\/wp-json\/wp\/v2\/users\/2"}],"replies":[{"embeddable":true,"href":"https:\/\/lacrimioaramezei.ro\/en\/wp-json\/wp\/v2\/comments?post=1185"}],"version-history":[{"count":3,"href":"https:\/\/lacrimioaramezei.ro\/en\/wp-json\/wp\/v2\/posts\/1185\/revisions"}],"predecessor-version":[{"id":1220,"href":"https:\/\/lacrimioaramezei.ro\/en\/wp-json\/wp\/v2\/posts\/1185\/revisions\/1220"}],"wp:featuredmedia":[{"embeddable":true,"href":"https:\/\/lacrimioaramezei.ro\/en\/wp-json\/wp\/v2\/media\/1186"}],"wp:attachment":[{"href":"https:\/\/lacrimioaramezei.ro\/en\/wp-json\/wp\/v2\/media?parent=1185"}],"wp:term":[{"taxonomy":"category","embeddable":true,"href":"https:\/\/lacrimioaramezei.ro\/en\/wp-json\/wp\/v2\/categories?post=1185"},{"taxonomy":"post_tag","embeddable":true,"href":"https:\/\/lacrimioaramezei.ro\/en\/wp-json\/wp\/v2\/tags?post=1185"}],"curies":[{"name":"wp","href":"https:\/\/api.w.org\/{rel}","templated":true}]}}